{"id":994,"date":"2025-09-08T09:48:19","date_gmt":"2025-09-08T09:48:19","guid":{"rendered":"https:\/\/opnypsa.com\/?p=994"},"modified":"2025-09-08T09:48:21","modified_gmt":"2025-09-08T09:48:21","slug":"proyecto-clave-para-la-movilidad-sostenible-en-vitoria","status":"publish","type":"post","link":"https:\/\/opnypsa.com\/eus\/proyecto-clave-para-la-movilidad-sostenible-en-vitoria\/","title":{"rendered":"Un proyecto clave para la movilidad sostenible en Vitoria-Gasteiz"},"content":{"rendered":"<p>En <strong>Nu\u00f1o y Pescador<\/strong> trabajamos cada d\u00eda para mejorar las infraestructuras de \u00c1lava, aportando soluciones que favorecen la movilidad, la seguridad y la calidad de vida de las personas. Nuestra experiencia en carreteras, caminos y redes de servicio nos permite participar en proyectos que, m\u00e1s all\u00e1 de su car\u00e1cter t\u00e9cnico, contribuyen directamente al bienestar social y al respeto por el medio ambiente.<\/p>\n\n\n\n<p>Un ejemplo reciente es el fresado de la semicalzada de la antigua <strong>A-132<\/strong>, una actuaci\u00f3n que permitir\u00e1 incorporar este tramo al <strong>Anillo Verde de Vitoria-Gasteiz<\/strong>, un espacio estrat\u00e9gico que conecta zonas naturales, fomenta la movilidad sostenible y refuerza la cohesi\u00f3n territorial del municipio.<\/p>\n\n\n\n<h2 class=\"wp-block-heading\">Objetivo de la obra<\/h2>\n\n\n\n<p>El principal prop\u00f3sito de esta intervenci\u00f3n ha sido preparar la calzada para su integraci\u00f3n en un entorno destinado a peatones, ciclistas y actividades de ocio, eliminando la capa de aglomerado asf\u00e1ltico existente y adecuando la v\u00eda para su nuevo uso.<\/p>\n\n\n\n<p>En total, se han <strong>fresado 1.080 toneladas de aglomerado asf\u00e1ltico en caliente<\/strong>, garantizando un trabajo seguro, eficiente y respetuoso con los est\u00e1ndares medioambientales, en l\u00ednea con los objetivos de movilidad sostenible de la ciudad.<\/p>\n\n\n\n<h2 class=\"wp-block-heading\">Un proceso t\u00e9cnico preciso<\/h2>\n\n\n\n<p>El fresado de calzada es una operaci\u00f3n que requiere planificaci\u00f3n y maquinaria especializada para garantizar un resultado homog\u00e9neo y estable. En este proyecto, la actuaci\u00f3n sobre la semicalzada de la antigua A-132 ha permitido retirar el pavimento de forma controlada, facilitando la posterior adaptaci\u00f3n del terreno a su nuevo uso vinculado a la movilidad sostenible.<\/p>\n\n\n\n<p>La coordinaci\u00f3n de equipos, la supervisi\u00f3n t\u00e9cnica y el control de la gesti\u00f3n de residuos han sido elementos clave para completar la obra con \u00e9xito y dentro de los plazos establecidos.<\/p>\n\n\n\n<h2 class=\"wp-block-heading\">Beneficios para la ciudad y sus vecinos<\/h2>\n\n\n\n<p>Con la incorporaci\u00f3n de este tramo al <strong>Anillo Verde de Vitoria-Gasteiz<\/strong>, los ciudadanos dispondr\u00e1n de un nuevo espacio seguro y acondicionado para la movilidad no motorizada. Esto supone:<\/p>\n\n\n\n<ul class=\"wp-block-list\">\n<li>La recuperaci\u00f3n de una infraestructura en desuso.<\/li>\n\n\n\n<li>Una mayor conectividad entre zonas verdes y barrios.<\/li>\n\n\n\n<li>Un impulso a la movilidad sostenible y al ocio saludable.<\/li>\n\n\n\n<li>Un beneficio directo en la calidad de vida y en el medio ambiente urbano.<\/li>\n<\/ul>\n\n\n\n<h2 class=\"wp-block-heading\">Compromiso de Nu\u00f1o y Pescador<\/h2>\n\n\n\n<p>En <strong>Nu\u00f1o y Pescador<\/strong> entendemos que cada proyecto es una oportunidad para contribuir al desarrollo sostenible de \u00c1lava. Este fresado en la antigua A-132 no es solo un trabajo t\u00e9cnico de movimiento y reciclaje de materiales, sino tambi\u00e9n un paso m\u00e1s hacia una ciudad m\u00e1s verde, cohesionada y pensada para las personas.<\/p>\n\n\n\n<p>Con m\u00e1s de 50 a\u00f1os de experiencia, seguimos apostando por una forma de trabajar que combina innovaci\u00f3n, seguridad y responsabilidad social, siempre al servicio de la movilidad sostenible y del bienestar de la comunidad.<\/p>","protected":false},"excerpt":{"rendered":"<p>En Nu\u00f1o y Pescador trabajamos cada d\u00eda para mejorar las infraestructuras de \u00c1lava, aportando soluciones que favorecen la movilidad, la seguridad y la calidad de vida de las personas. Nuestra experiencia en carreteras, caminos y redes de servicio nos permite participar en proyectos que, m\u00e1s all\u00e1 de su car\u00e1cter t\u00e9cnico, contribuyen directamente al bienestar social [&hellip;]<\/p>\n","protected":false},"author":1,"featured_media":995,"comment_status":"open","ping_status":"closed","sticky":false,"template":"","format":"standard","meta":{"footnotes":""},"categories":[1],"tags":[],"class_list":["post-994","post","type-post","status-publish","format-standard","has-post-thumbnail","hentry","category-blog"],"_links":{"self":[{"href":"https:\/\/opnypsa.com\/eus\/wp-json\/wp\/v2\/posts\/994","targetHints":{"allow":["GET"]}}],"collection":[{"href":"https:\/\/opnypsa.com\/eus\/wp-json\/wp\/v2\/posts"}],"about":[{"href":"https:\/\/opnypsa.com\/eus\/wp-json\/wp\/v2\/types\/post"}],"author":[{"embeddable":true,"href":"https:\/\/opnypsa.com\/eus\/wp-json\/wp\/v2\/users\/1"}],"replies":[{"embeddable":true,"href":"https:\/\/opnypsa.com\/eus\/wp-json\/wp\/v2\/comments?post=994"}],"version-history":[{"count":1,"href":"https:\/\/opnypsa.com\/eus\/wp-json\/wp\/v2\/posts\/994\/revisions"}],"predecessor-version":[{"id":996,"href":"https:\/\/opnypsa.com\/eus\/wp-json\/wp\/v2\/posts\/994\/revisions\/996"}],"wp:featuredmedia":[{"embeddable":true,"href":"https:\/\/opnypsa.com\/eus\/wp-json\/wp\/v2\/media\/995"}],"wp:attachment":[{"href":"https:\/\/opnypsa.com\/eus\/wp-json\/wp\/v2\/media?parent=994"}],"wp:term":[{"taxonomy":"category","embeddable":true,"href":"https:\/\/opnypsa.com\/eus\/wp-json\/wp\/v2\/categories?post=994"},{"taxonomy":"post_tag","embeddable":true,"href":"https:\/\/opnypsa.com\/eus\/wp-json\/wp\/v2\/tags?post=994"}],"curies":[{"name":"wp","href":"https:\/\/api.w.org\/{rel}","templated":true}]}}