{"id":986,"date":"2025-08-25T09:32:15","date_gmt":"2025-08-25T09:32:15","guid":{"rendered":"https:\/\/opnypsa.com\/?p=986"},"modified":"2025-08-25T09:45:46","modified_gmt":"2025-08-25T09:45:46","slug":"estado-de-las-carreteras-en-espana","status":"publish","type":"post","link":"https:\/\/opnypsa.com\/eus\/estado-de-las-carreteras-en-espana\/","title":{"rendered":"El estado de las carreteras en Espa\u00f1a: seguridad y econom\u00eda en juego"},"content":{"rendered":"<p>En <strong>Nu\u00f1o y Pescador<\/strong> llevamos a\u00f1os dedicados a la construcci\u00f3n y conservaci\u00f3n de infraestructuras viarias. Por eso seguimos con atenci\u00f3n los informes m\u00e1s recientes sobre el <strong>estado de las carreteras en Espa\u00f1a<\/strong>, que muestran una situaci\u00f3n preocupante y con consecuencias directas en la seguridad de los conductores, en el consumo de combustible y en la competitividad econ\u00f3mica de todo el pa\u00eds.<\/p>\n\n\n\n<p>Seg\u00fan la <strong>Asociaci\u00f3n Espa\u00f1ola de la Carretera (AEC)<\/strong>, m\u00e1s de la mitad de la red presenta deterioros graves o muy graves. En cifras, <strong>uno de cada dos kil\u00f3metros necesita intervenci\u00f3n urgente o en el corto plazo<\/strong>.<\/p>\n\n\n\n<h2 class=\"wp-block-heading\">Un diagn\u00f3stico preocupante: m\u00e1s de 54.000 km en mal estado<\/h2>\n\n\n\n<p>El \u00faltimo informe de la AEC, elaborado con la ayuda de <strong>inteligencia artificial<\/strong> y el an\u00e1lisis de m\u00e1s de 4.000 km de v\u00edas, revela que:<\/p>\n\n\n\n<ul class=\"wp-block-list\">\n<li><strong>33.966 km de carreteras requieren reparaci\u00f3n en menos de un a\u00f1o.<\/strong><\/li>\n\n\n\n<li>Otros <strong>20.407 km necesitan intervenci\u00f3n en los pr\u00f3ximos cuatro a\u00f1os.<\/strong><\/li>\n\n\n\n<li>En total, m\u00e1s de <strong>54.000 km de los 101.700 que conforman la red estatal y auton\u00f3mica<\/strong> est\u00e1n en un estado deficiente.<\/li>\n<\/ul>\n\n\n\n<p>Para revertir la situaci\u00f3n, ser\u00eda necesaria una inversi\u00f3n cercana a los <strong>13.491 millones de euros<\/strong>, una cifra que ha crecido casi un 50% respecto al estudio de 2022 debido al aumento de precios en materiales, energ\u00eda y mano de obra.<\/p>\n\n\n\n<h2 class=\"wp-block-heading\">\u00bfC\u00f3mo afecta el mal estado de las carreteras?<\/h2>\n\n\n\n<p>El deterioro del pavimento no solo implica una <strong>peor experiencia de conducci\u00f3n<\/strong>, sino tambi\u00e9n riesgos de seguridad vial como baches profundos, grietas o tramos en los que es necesario reducir la velocidad por se\u00f1alizaci\u00f3n.<\/p>\n\n\n\n<p>Adem\u00e1s, el impacto econ\u00f3mico es evidente:<\/p>\n\n\n\n<ul class=\"wp-block-list\">\n<li>Conducir por carreteras deterioradas puede aumentar el <strong>consumo de combustible hasta en un 12%<\/strong>.<\/li>\n\n\n\n<li>Solo en verano, esto supone un <strong>sobrecoste de m\u00e1s de 270 millones de euros<\/strong> para los conductores espa\u00f1oles.<\/li>\n\n\n\n<li>Los problemas en el transporte y la log\u00edstica se trasladan finalmente a los precios de los productos.<\/li>\n<\/ul>\n\n\n\n<h2 class=\"wp-block-heading\">Estado de las carreteras por comunidades: el Pa\u00eds Vasco, entre las mejores conservadas<\/h2>\n\n\n\n<p>El informe tambi\u00e9n revela grandes diferencias territoriales:<\/p>\n\n\n\n<ul class=\"wp-block-list\">\n<li><strong>Arag\u00f3n<\/strong> lidera el listado negativo, con un <strong>68% de su red viaria en estado cr\u00edtico<\/strong>.<\/li>\n\n\n\n<li>Le siguen <strong>Castilla-La Mancha y Galicia<\/strong> con un 59%.<\/li>\n\n\n\n<li>Por encima del 45% de deterioro se encuentran regiones como <strong>Castilla y Le\u00f3n, La Rioja y Asturias<\/strong>.<\/li>\n<\/ul>\n\n\n\n<p>En el lado positivo, comunidades como la <strong>Comunidad Valenciana, Madrid, Extremadura, Navarra y el Pa\u00eds Vasco<\/strong> presentan porcentajes mucho menores de deterioro grave.<\/p>\n\n\n\n<p>En el caso concreto del <strong>Pa\u00eds Vasco<\/strong>, el esfuerzo en conservaci\u00f3n ha permitido mantener gran parte de su red en mejores condiciones que la media nacional. Sin embargo, es clave seguir invirtiendo de manera constante para que el desgaste natural, el tr\u00e1fico intenso y la climatolog\u00eda no hagan retroceder estos avances.<\/p>\n\n\n\n<h2 class=\"wp-block-heading\">La conservaci\u00f3n de carreteras como reto urgente<\/h2>\n\n\n\n<p>El informe de la AEC es claro: si no se act\u00faa de manera inmediata, el <strong>deterioro seguir\u00e1 creciendo a un ritmo del 8% anual<\/strong>. Por eso, reclama la creaci\u00f3n de un <strong>fondo espec\u00edfico para la conservaci\u00f3n de carreteras<\/strong>, alimentado con presupuestos estatales, auton\u00f3micos, fondos europeos y f\u00f3rmulas de colaboraci\u00f3n p\u00fablico-privada.<\/p>\n\n\n\n<p>En <strong>Nu\u00f1o y Pescador<\/strong> compartimos esa visi\u00f3n: la <strong>conservaci\u00f3n preventiva<\/strong> siempre es la inversi\u00f3n m\u00e1s rentable. Cada euro destinado al mantenimiento de carreteras evita costes mucho mayores en reparaciones futuras y, sobre todo, protege la seguridad de los conductores.<\/p>","protected":false},"excerpt":{"rendered":"<p>En Nu\u00f1o y Pescador llevamos a\u00f1os dedicados a la construcci\u00f3n y conservaci\u00f3n de infraestructuras viarias. Por eso seguimos con atenci\u00f3n los informes m\u00e1s recientes sobre el estado de las carreteras en Espa\u00f1a, que muestran una situaci\u00f3n preocupante y con consecuencias directas en la seguridad de los conductores, en el consumo de combustible y en la [&hellip;]<\/p>\n","protected":false},"author":1,"featured_media":987,"comment_status":"open","ping_status":"closed","sticky":false,"template":"","format":"standard","meta":{"footnotes":""},"categories":[1],"tags":[],"class_list":["post-986","post","type-post","status-publish","format-standard","has-post-thumbnail","hentry","category-blog"],"_links":{"self":[{"href":"https:\/\/opnypsa.com\/eus\/wp-json\/wp\/v2\/posts\/986","targetHints":{"allow":["GET"]}}],"collection":[{"href":"https:\/\/opnypsa.com\/eus\/wp-json\/wp\/v2\/posts"}],"about":[{"href":"https:\/\/opnypsa.com\/eus\/wp-json\/wp\/v2\/types\/post"}],"author":[{"embeddable":true,"href":"https:\/\/opnypsa.com\/eus\/wp-json\/wp\/v2\/users\/1"}],"replies":[{"embeddable":true,"href":"https:\/\/opnypsa.com\/eus\/wp-json\/wp\/v2\/comments?post=986"}],"version-history":[{"count":1,"href":"https:\/\/opnypsa.com\/eus\/wp-json\/wp\/v2\/posts\/986\/revisions"}],"predecessor-version":[{"id":988,"href":"https:\/\/opnypsa.com\/eus\/wp-json\/wp\/v2\/posts\/986\/revisions\/988"}],"wp:featuredmedia":[{"embeddable":true,"href":"https:\/\/opnypsa.com\/eus\/wp-json\/wp\/v2\/media\/987"}],"wp:attachment":[{"href":"https:\/\/opnypsa.com\/eus\/wp-json\/wp\/v2\/media?parent=986"}],"wp:term":[{"taxonomy":"category","embeddable":true,"href":"https:\/\/opnypsa.com\/eus\/wp-json\/wp\/v2\/categories?post=986"},{"taxonomy":"post_tag","embeddable":true,"href":"https:\/\/opnypsa.com\/eus\/wp-json\/wp\/v2\/tags?post=986"}],"curies":[{"name":"wp","href":"https:\/\/api.w.org\/{rel}","templated":true}]}}