{"id":1038,"date":"2025-12-09T10:08:26","date_gmt":"2025-12-09T10:08:26","guid":{"rendered":"https:\/\/opnypsa.com\/?p=1038"},"modified":"2025-12-09T10:08:28","modified_gmt":"2025-12-09T10:08:28","slug":"valle-salado-de-anana-proyecto-area-de-servicio","status":"publish","type":"post","link":"https:\/\/opnypsa.com\/eus\/valle-salado-de-anana-proyecto-area-de-servicio\/","title":{"rendered":"Proyecto de la nueva \u00e1rea de servicio del Valle Salado de A\u00f1ana: una intervenci\u00f3n para mejorar la experiencia del visitante y preservar el entorno"},"content":{"rendered":"<p>El Valle Salado de A\u00f1ana es uno de los paisajes culturales y naturales m\u00e1s singulares de \u00c1lava. Cada a\u00f1o, miles de visitantes se acercan a este enclave hist\u00f3rico para conocer de primera mano un sistema salinero milenario, \u00fanico en Europa. Sin embargo, este crecimiento constante en el flujo de turistas tambi\u00e9n ha puesto de manifiesto la necesidad de mejorar los accesos, ordenar el estacionamiento y reforzar la protecci\u00f3n ambiental del entorno.<br>En este contexto se desarrolla la 1<strong>\u00aa<\/strong> fase del Proyecto<strong> <\/strong>de ejecuci\u00f3n del \u00e1rea de servicio y estacionamiento para visitantes al Valle Salado de A\u00f1ana, junto con la restauraci\u00f3n ambiental y la adecuaci\u00f3n de los itinerarios que rodean la zona.<\/p>\n\n\n\n<p>Desde Nu\u00f1o y Pescador, especialistas en infraestructura viaria y obra civil, participamos en este proyecto con un enfoque claro: integrar nuevas soluciones de movilidad sin alterar la esencia del paisaje, garantizando a la vez una experiencia m\u00e1s c\u00f3moda, segura y sostenible para todas las personas que visitan el valle.<\/p>\n\n\n\n<h2 class=\"wp-block-heading\">Una actuaci\u00f3n necesaria para mejorar la accesibilidad<\/h2>\n\n\n\n<p>El aumento del tr\u00e1nsito de veh\u00edculos privados, grupos organizados y servicios tur\u00edsticos ha convertido en prioridad la creaci\u00f3n de un espacio capaz de absorber esta demanda de manera ordenada. La ejecuci\u00f3n del \u00e1rea de servicio del Valle Salado de A\u00f1ana tiene como objetivo principal facilitar el estacionamiento y la circulaci\u00f3n, reduciendo molestias y evitando la presi\u00f3n directa sobre el entorno natural y patrimonial.<\/p>\n\n\n\n<p>En esta primera fase se define y planifica la construcci\u00f3n de una zona destinada al aparcamiento de visitantes, dise\u00f1ada para integrarse de manera respetuosa con el paisaje circundante. Esta adecuaci\u00f3n permitir\u00e1 distribuir mejor los flujos de llegada y salida, reducir tiempos de espera y evitar improvisaciones que puedan afectar al terreno o al propio sistema salinero.<\/p>\n\n\n\n<h2 class=\"wp-block-heading\">Restauraci\u00f3n ambiental: un compromiso con el entorno<\/h2>\n\n\n\n<p>No se trata \u00fanicamente de crear un \u00e1rea de servicio funcional. El proyecto incluye una parte fundamental: la restauraci\u00f3n ambiental del entorno cercano.<br>El Valle Salado no es solo un recurso tur\u00edstico, sino un ecosistema delicado en el que conviven elementos naturales, culturales e hist\u00f3ricos. Por eso, la actuaci\u00f3n combina criterios de ingenier\u00eda, sostenibilidad y rehabilitaci\u00f3n del medio.<\/p>\n\n\n\n<p>La restauraci\u00f3n prev\u00e9 la recuperaci\u00f3n de zonas degradadas, la protecci\u00f3n de taludes, la mejora de drenajes naturales y la implantaci\u00f3n de soluciones que favorezcan la integraci\u00f3n paisaj\u00edstica. Este tipo de intervenciones no solo guarda coherencia con la sensibilidad del proyecto, sino que tambi\u00e9n permite garantizar la durabilidad de los espacios habilitados y su convivencia con el patrimonio.<\/p>\n\n\n\n<h2 class=\"wp-block-heading\">Itinerarios m\u00e1s accesibles y mejor se\u00f1alizados<\/h2>\n\n\n\n<p>Otro de los pilares de la intervenci\u00f3n es la mejora y adecuaci\u00f3n de los itinerarios peatonales y rutas de acceso del entorno. El objetivo es claro: facilitar un recorrido m\u00e1s seguro, intuitivo y accesible para los visitantes, desde su llegada al aparcamiento hasta los puntos de inter\u00e9s del Valle Salado.<\/p>\n\n\n\n<p>La nueva planificaci\u00f3n permite ordenar los caminos, corregir trazados deteriorados, reforzar la se\u00f1al\u00e9tica y mejorar los materiales del firme para favorecer la comodidad y reducir la erosi\u00f3n del terreno. Con ello, se impulsa una experiencia m\u00e1s agradable y accesible para todo tipo de p\u00fablico, incluyendo familias, personas mayores o visitantes con movilidad reducida.<\/p>\n\n\n\n<h2 class=\"wp-block-heading\">Una mirada al futuro del Valle Salado<\/h2>\n\n\n\n<p>El proyecto impulsado en el marco del PSTD del Valle Salado de A\u00f1ana constituye un paso decisivo para promover un turismo sostenible, ordenado y compatible con la preservaci\u00f3n del patrimonio. Nu\u00f1o y Pescador contribuye a que esta primera fase se materialice mediante soluciones t\u00e9cnicas s\u00f3lidas, respetuosas y pensadas para perdurar.<\/p>\n\n\n\n<p>Esta intervenci\u00f3n no solo mejorar\u00e1 la visita, sino que tambi\u00e9n fortalecer\u00e1 la protecci\u00f3n de uno de los enclaves m\u00e1s emblem\u00e1ticos de \u00c1lava. Un compromiso con el territorio, con su historia y con las generaciones que seguir\u00e1n descubriendo el Valle Salado en el futuro.<\/p>\n\n\n\n<p><\/p>","protected":false},"excerpt":{"rendered":"<p>El Valle Salado de A\u00f1ana es uno de los paisajes culturales y naturales m\u00e1s singulares de \u00c1lava. Cada a\u00f1o, miles de visitantes se acercan a este enclave hist\u00f3rico para conocer de primera mano un sistema salinero milenario, \u00fanico en Europa. Sin embargo, este crecimiento constante en el flujo de turistas tambi\u00e9n ha puesto de manifiesto [&hellip;]<\/p>\n","protected":false},"author":1,"featured_media":1039,"comment_status":"open","ping_status":"closed","sticky":false,"template":"","format":"standard","meta":{"footnotes":""},"categories":[1],"tags":[],"class_list":["post-1038","post","type-post","status-publish","format-standard","has-post-thumbnail","hentry","category-blog"],"_links":{"self":[{"href":"https:\/\/opnypsa.com\/eus\/wp-json\/wp\/v2\/posts\/1038","targetHints":{"allow":["GET"]}}],"collection":[{"href":"https:\/\/opnypsa.com\/eus\/wp-json\/wp\/v2\/posts"}],"about":[{"href":"https:\/\/opnypsa.com\/eus\/wp-json\/wp\/v2\/types\/post"}],"author":[{"embeddable":true,"href":"https:\/\/opnypsa.com\/eus\/wp-json\/wp\/v2\/users\/1"}],"replies":[{"embeddable":true,"href":"https:\/\/opnypsa.com\/eus\/wp-json\/wp\/v2\/comments?post=1038"}],"version-history":[{"count":1,"href":"https:\/\/opnypsa.com\/eus\/wp-json\/wp\/v2\/posts\/1038\/revisions"}],"predecessor-version":[{"id":1040,"href":"https:\/\/opnypsa.com\/eus\/wp-json\/wp\/v2\/posts\/1038\/revisions\/1040"}],"wp:featuredmedia":[{"embeddable":true,"href":"https:\/\/opnypsa.com\/eus\/wp-json\/wp\/v2\/media\/1039"}],"wp:attachment":[{"href":"https:\/\/opnypsa.com\/eus\/wp-json\/wp\/v2\/media?parent=1038"}],"wp:term":[{"taxonomy":"category","embeddable":true,"href":"https:\/\/opnypsa.com\/eus\/wp-json\/wp\/v2\/categories?post=1038"},{"taxonomy":"post_tag","embeddable":true,"href":"https:\/\/opnypsa.com\/eus\/wp-json\/wp\/v2\/tags?post=1038"}],"curies":[{"name":"wp","href":"https:\/\/api.w.org\/{rel}","templated":true}]}}